{"id":656,"date":"2021-08-09T11:27:09","date_gmt":"2021-08-09T11:27:09","guid":{"rendered":"https:\/\/antahkarana.com.br\/pt\/?p=656"},"modified":"2021-08-09T11:27:09","modified_gmt":"2021-08-09T11:27:09","slug":"amplie-sua-perspectiva","status":"publish","type":"post","link":"https:\/\/antahkarana.com.br\/pt\/amplie-sua-perspectiva\/","title":{"rendered":"Amplie sua Perspectiva"},"content":{"rendered":"<p style=\"text-align: left;\"><img loading=\"lazy\" decoding=\"async\" class=\"size-medium wp-image-658 alignleft\" src=\"https:\/\/antahkarana.com.br\/pt\/wp-content\/uploads\/2021\/08\/man-1209275_1920-300x200.jpg\" alt=\"perspectiva e autoconhecimento\" width=\"300\" height=\"200\" srcset=\"https:\/\/antahkarana.com.br\/pt\/wp-content\/uploads\/2021\/08\/man-1209275_1920-300x200.jpg 300w, https:\/\/antahkarana.com.br\/pt\/wp-content\/uploads\/2021\/08\/man-1209275_1920-1024x683.jpg 1024w, https:\/\/antahkarana.com.br\/pt\/wp-content\/uploads\/2021\/08\/man-1209275_1920-768x512.jpg 768w, https:\/\/antahkarana.com.br\/pt\/wp-content\/uploads\/2021\/08\/man-1209275_1920-1536x1024.jpg 1536w, https:\/\/antahkarana.com.br\/pt\/wp-content\/uploads\/2021\/08\/man-1209275_1920-1620x1080.jpg 1620w, https:\/\/antahkarana.com.br\/pt\/wp-content\/uploads\/2021\/08\/man-1209275_1920.jpg 1920w\" sizes=\"auto, (max-width: 300px) 100vw, 300px\" \/>Voc\u00ea realmente se permite enxergar al\u00e9m da sua perspectiva?<\/p>\n<p>Tente ver a vida com outros olhos, de um outro \u00e2ngulo. Se permita enxergar al\u00e9m da raz\u00e3o. \u00c0s vezes, voc\u00ea precisa mudar a forma de ver e encarar o mundo para conseguir enxergar as infinitas possibilidades que o universo reserva a voc\u00ea.<br \/>\nEnt\u00e3o vamos tentar expandir?<\/p>\n<h4 style=\"text-align: left;\">Vou dar uma sugest\u00e3o de exerc\u00edcio para voc\u00ea ampliar a sua perspectiva:<\/h4>\n<p style=\"text-align: left;\">Toda vez que precisar responder ou reagir a algo, antes de reagir instantaneamente se pergunte: como normalmente eu reagiria a isso? O que mais eu poderia fazer? Quais s\u00e3o as outras alternativas e op\u00e7\u00f5es? O que mais essa situa\u00e7\u00e3o pode estar querendo me mostrar e eu n\u00e3o estou conseguindo ver?<\/p>\n<p>Ao fazer esses questionamentos voc\u00ea se permite sair da rea\u00e7\u00e3o instant\u00e2nea e permitir\u00e1 que infinitas possibilidades se abram para voc\u00ea.<\/p>\n<p>Vamos tentar?<\/p>\n<p style=\"text-align: left;\">Temos diversos atendimento que podem te ajudar a ampliar o seu autoconhecimento e perspectiva, <a href=\"https:\/\/antahkarana.com.br\/pt\/category\/atendimentos\/\">clique aqui<\/a> para saber sobre eles.<br \/>\nConhe\u00e7a nossos cursos <a href=\"https:\/\/antahkarana.com.br\/pt\/category\/cursos\/\">aqui.<\/a><\/p>\n<p style=\"text-align: left;\">Acompanhe nossos terapeutas no instagram: <a href=\"https:\/\/instagram.com\/anabeatrizcavalari\">Ana Beatriz<\/a> e <a href=\"https:\/\/instagram.com\/rogeriosanchesbuso\">Rog\u00e9rio\u00a0<\/a><br \/>\nNosso canal do <a href=\"https:\/\/www.youtube.com\/channel\/UCMoeE--1fb_mDxvX1WP2b9A\">Youtube.<\/a><br \/>\nNosso canal no <a href=\"https:\/\/t.me\/espacoantahkarana\">Telegram.<\/a><\/p>\n","protected":false},"excerpt":{"rendered":"<p>Voc\u00ea realmente se permite enxergar al\u00e9m da sua perspectiva? Tente ver a vida com outros olhos, de um outro \u00e2ngulo. Se permita enxergar al\u00e9m da raz\u00e3o. \u00c0s vezes, voc\u00ea precisa mudar a forma de ver e encarar o mundo para conseguir enxergar as infinitas possibilidades que o universo reserva a voc\u00ea. Ent\u00e3o vamos tentar expandir?&hellip; <br \/> <a class=\"read-more\" href=\"https:\/\/antahkarana.com.br\/pt\/amplie-sua-perspectiva\/\">Leia mais<\/a><\/p>\n","protected":false},"author":2,"featured_media":658,"comment_status":"closed","ping_status":"closed","sticky":false,"template":"","format":"standard","meta":{"footnotes":""},"categories":[52],"tags":[118,89,117],"class_list":["post-656","post","type-post","status-publish","format-standard","has-post-thumbnail","hentry","category-blog","tag-expansao","tag-leitura-de-aura","tag-perspectiva"],"_links":{"self":[{"href":"https:\/\/antahkarana.com.br\/pt\/wp-json\/wp\/v2\/posts\/656","targetHints":{"allow":["GET"]}}],"collection":[{"href":"https:\/\/antahkarana.com.br\/pt\/wp-json\/wp\/v2\/posts"}],"about":[{"href":"https:\/\/antahkarana.com.br\/pt\/wp-json\/wp\/v2\/types\/post"}],"author":[{"embeddable":true,"href":"https:\/\/antahkarana.com.br\/pt\/wp-json\/wp\/v2\/users\/2"}],"replies":[{"embeddable":true,"href":"https:\/\/antahkarana.com.br\/pt\/wp-json\/wp\/v2\/comments?post=656"}],"version-history":[{"count":1,"href":"https:\/\/antahkarana.com.br\/pt\/wp-json\/wp\/v2\/posts\/656\/revisions"}],"predecessor-version":[{"id":659,"href":"https:\/\/antahkarana.com.br\/pt\/wp-json\/wp\/v2\/posts\/656\/revisions\/659"}],"wp:featuredmedia":[{"embeddable":true,"href":"https:\/\/antahkarana.com.br\/pt\/wp-json\/wp\/v2\/media\/658"}],"wp:attachment":[{"href":"https:\/\/antahkarana.com.br\/pt\/wp-json\/wp\/v2\/media?parent=656"}],"wp:term":[{"taxonomy":"category","embeddable":true,"href":"https:\/\/antahkarana.com.br\/pt\/wp-json\/wp\/v2\/categories?post=656"},{"taxonomy":"post_tag","embeddable":true,"href":"https:\/\/antahkarana.com.br\/pt\/wp-json\/wp\/v2\/tags?post=656"}],"curies":[{"name":"wp","href":"https:\/\/api.w.org\/{rel}","templated":true}]}}