{"id":584,"date":"2021-07-22T09:06:51","date_gmt":"2021-07-22T09:06:51","guid":{"rendered":"https:\/\/antahkarana.com.br\/pt\/?p=584"},"modified":"2021-07-22T09:06:51","modified_gmt":"2021-07-22T09:06:51","slug":"tenha-coragem-para-ser-quem-voce-e","status":"publish","type":"post","link":"https:\/\/antahkarana.com.br\/pt\/tenha-coragem-para-ser-quem-voce-e\/","title":{"rendered":"Tenha Coragem para ser quem voc\u00ea \u00e9"},"content":{"rendered":"<p style=\"text-align: left;\"><img loading=\"lazy\" decoding=\"async\" class=\"size-medium wp-image-586 alignleft\" src=\"https:\/\/antahkarana.com.br\/pt\/wp-content\/uploads\/2021\/07\/happiness-1866081_1920-1-300x200.jpg\" alt=\"coragem\" width=\"300\" height=\"200\" srcset=\"https:\/\/antahkarana.com.br\/pt\/wp-content\/uploads\/2021\/07\/happiness-1866081_1920-1-300x200.jpg 300w, https:\/\/antahkarana.com.br\/pt\/wp-content\/uploads\/2021\/07\/happiness-1866081_1920-1-1024x683.jpg 1024w, https:\/\/antahkarana.com.br\/pt\/wp-content\/uploads\/2021\/07\/happiness-1866081_1920-1-768x512.jpg 768w, https:\/\/antahkarana.com.br\/pt\/wp-content\/uploads\/2021\/07\/happiness-1866081_1920-1-1536x1024.jpg 1536w, https:\/\/antahkarana.com.br\/pt\/wp-content\/uploads\/2021\/07\/happiness-1866081_1920-1-1620x1080.jpg 1620w, https:\/\/antahkarana.com.br\/pt\/wp-content\/uploads\/2021\/07\/happiness-1866081_1920-1.jpg 1920w\" sizes=\"auto, (max-width: 300px) 100vw, 300px\" \/>Ter coragem \u00e9 confiar na sua intui\u00e7\u00e3o e no seu cora\u00e7\u00e3o. Sinta isso verdadeiramente em si para que o seu cora\u00e7\u00e3o e a sua intui\u00e7\u00e3o te guiem em sua vida e para que isso seja sempre a sua principal motiva\u00e7\u00e3o.<\/p>\n<p>Ter coragem \u00e9 ter for\u00e7as para agir de acordo com quem verdadeiramente voc\u00ea \u00e9. Ela te ajuda a atrair a <a href=\"https:\/\/antahkarana.com.br\/pt\/terapia-quantica\/\">harmonia<\/a> em tudo a sua volta. Tenha coragem para <a href=\"https:\/\/antahkarana.com.br\/pt\/atendimento-de-leitura-de-aura\/\">se conhecer<\/a> e assumir quem voc\u00ea e para manifestar a sua verdade no aqui e no agora. E para reconhecer os seus sonhos e os seus desejos.<\/p>\n<p>N\u00e3o tenha medo de se abrir para sua verdade porque ao manifest\u00e1-la voc\u00ea se abrir\u00e1 tamb\u00e9m para a sincronicidade da vida e abrir\u00e1 portas para que novas oportunidades de abund\u00e2ncia e felicidade cheguem at\u00e9 voc\u00ea. Tenha coragem para viver o seu melhor em cada aspecto e setor da sua vida.<\/p>\n<h5 style=\"text-align: left;\">\nPara ter coragem:<\/h5>\n<p style=\"text-align: left;\">Tire um momento para meditar e sentir o seu cora\u00e7\u00e3o, perceba a sua voz interior, e a luz que pulsa atrav\u00e9s dela, essa \u00e9 sua coragem, a sua verdade e sua ess\u00eancia. Aceite a com amor e viva ela em todos os aspectos da sua vida, em tudo que voc\u00ea faz.<\/p>\n<p>Texto: Terapeuta Ana Beatriz Cavalari<br \/>\nAcompanhe nossa terapeuta no <a href=\"https:\/\/instagram.com\/anabeatrizcavalari\">Instagram<\/a><br \/>\nSaiba mais sobre os seus <a href=\"https:\/\/antahkarana.com.br\/pt\/category\/atendimentos\/\">atendimentos<\/a><\/p>\n","protected":false},"excerpt":{"rendered":"<p>Ter coragem \u00e9 confiar na sua intui\u00e7\u00e3o e no seu cora\u00e7\u00e3o. Sinta isso verdadeiramente em si para que o seu cora\u00e7\u00e3o e a sua intui\u00e7\u00e3o te guiem em sua vida e para que isso seja sempre a sua principal motiva\u00e7\u00e3o. Ter coragem \u00e9 ter for\u00e7as para agir de acordo com quem verdadeiramente voc\u00ea \u00e9. Ela&hellip; <br \/> <a class=\"read-more\" href=\"https:\/\/antahkarana.com.br\/pt\/tenha-coragem-para-ser-quem-voce-e\/\">Leia mais<\/a><\/p>\n","protected":false},"author":2,"featured_media":586,"comment_status":"closed","ping_status":"closed","sticky":false,"template":"","format":"standard","meta":{"footnotes":""},"categories":[52],"tags":[54,102,99,53,103],"class_list":["post-584","post","type-post","status-publish","format-standard","has-post-thumbnail","hentry","category-blog","tag-autoconhecimento","tag-coragem","tag-desenvolvimento-pessoal","tag-essencia","tag-liberdade"],"_links":{"self":[{"href":"https:\/\/antahkarana.com.br\/pt\/wp-json\/wp\/v2\/posts\/584","targetHints":{"allow":["GET"]}}],"collection":[{"href":"https:\/\/antahkarana.com.br\/pt\/wp-json\/wp\/v2\/posts"}],"about":[{"href":"https:\/\/antahkarana.com.br\/pt\/wp-json\/wp\/v2\/types\/post"}],"author":[{"embeddable":true,"href":"https:\/\/antahkarana.com.br\/pt\/wp-json\/wp\/v2\/users\/2"}],"replies":[{"embeddable":true,"href":"https:\/\/antahkarana.com.br\/pt\/wp-json\/wp\/v2\/comments?post=584"}],"version-history":[{"count":1,"href":"https:\/\/antahkarana.com.br\/pt\/wp-json\/wp\/v2\/posts\/584\/revisions"}],"predecessor-version":[{"id":587,"href":"https:\/\/antahkarana.com.br\/pt\/wp-json\/wp\/v2\/posts\/584\/revisions\/587"}],"wp:featuredmedia":[{"embeddable":true,"href":"https:\/\/antahkarana.com.br\/pt\/wp-json\/wp\/v2\/media\/586"}],"wp:attachment":[{"href":"https:\/\/antahkarana.com.br\/pt\/wp-json\/wp\/v2\/media?parent=584"}],"wp:term":[{"taxonomy":"category","embeddable":true,"href":"https:\/\/antahkarana.com.br\/pt\/wp-json\/wp\/v2\/categories?post=584"},{"taxonomy":"post_tag","embeddable":true,"href":"https:\/\/antahkarana.com.br\/pt\/wp-json\/wp\/v2\/tags?post=584"}],"curies":[{"name":"wp","href":"https:\/\/api.w.org\/{rel}","templated":true}]}}